{"id":112,"date":"2024-11-12T15:36:15","date_gmt":"2024-11-12T15:36:15","guid":{"rendered":"https:\/\/gabriel-maeder.ch\/?p=112"},"modified":"2024-11-14T14:25:43","modified_gmt":"2024-11-14T14:25:43","slug":"rifertstrasse-2x-nein","status":"publish","type":"post","link":"https:\/\/gabriel-maeder.ch\/?p=112","title":{"rendered":"Rifertstrasse 2x NEIN"},"content":{"rendered":"\n<p class=\"wp-block-paragraph\"><strong>Warum ich am 24. November Nein zur Rifertstrasse stimme<\/strong><\/p>\n\n\n\n<p class=\"wp-block-paragraph\">Als Gemeinderat von Adliswil ist es mir ein grosses Anliegen das Wohl unserer Gemeinde langfristig zu sichern. Am 24. November steht die Abstimmung \u00fcber den Gestaltungsplan Rifertstrasse an. Nach eingehender Pr\u00fcfung bin ich zur \u00dcberzeugung gelangt, dass dieses Projekt in seiner aktuellen Form nicht das Beste f\u00fcr Adliswil ist. Daher werde ich ein Nein in die Urne legen.<\/p>\n\n\n\n<p class=\"wp-block-paragraph\"><strong>Mehr Wohnraum ja \u2013 aber nicht um jeden Preis<\/strong><\/p>\n\n\n\n<p class=\"wp-block-paragraph\">Es ist unbestritten, dass Adliswil mehr Wohnraum braucht. Verdichtung ist eine notwendige Strategie, um dem Bev\u00f6lkerungswachstum gerecht zu werden und gleichzeitig nachhaltig zu bauen. Das Projekt Rifertstrasse plant neue Wohnungen f\u00fcr etwa 500 Menschen und setzt dabei auf energieeffizientes Bauen nach SNBS-Normen. Aber ein Projekt von dieser Gr\u00f6sse und Bedeutung sollte nicht nur Zahlen und Normen erf\u00fcllen \u2013 es sollte einen echten Mehrwert f\u00fcr unsere Gemeinde bringen.<\/p>\n\n\n\n<p class=\"wp-block-paragraph\">Ein entscheidender Mehrwert fehlt dem Projekt Rifertstrasse: Die F\u00f6rderung des sozialen Miteinanders. Im Gegensatz zu anderen Vorhaben in Adliswil, wie etwa der \u00dcberbauung Sihlmatte welche, ich im Gemeinderat mit Freude unterst\u00fctzt habe, fehlen Gemeinschaftsr\u00e4ume, Ateliers oder andere Orte, die das Zusammenleben f\u00f6rdern. Wohnraum bedeutet mehr als nur W\u00e4nde und ein Dach \u00fcber dem Kopf \u2013 es geht darum, ein lebendiges Umfeld zu schaffen, das Austausch und Begegnung erm\u00f6glicht. Diese Chance wurde an der Rifertstrasse vertan.<\/p>\n\n\n\n<p class=\"wp-block-paragraph\"><strong>Verkehrsproblematik ungel\u00f6st<\/strong><\/p>\n\n\n\n<p class=\"wp-block-paragraph\">Eine weitere grosse Herausforderung, die dieses Projekt vernachl\u00e4ssigt, ist die Verkehrssituation. F\u00fcr die erwarteten 700 Fahrten pro Tag gibt es kein sch\u00fclssiges Konzept. Adliswil hat bereits heute mit Verkehrsproblemen zu k\u00e4mpfen, und das Hinzuf\u00fcgen von knapp 500 neuen Bewohnern an der Rifertstrasse ohne eine vorausschauende Mobilit\u00e4tsplanung wird die Situation weiter versch\u00e4rfen. Der Stadtrat hat es vers\u00e4umt, ein umfassendes Mobilit\u00e4tskonzept vorzulegen, obwohl selbst die Planungsgruppe Zimmerberg dies empfohlen hat. Stattdessen wurde auf eine Erh\u00f6hung der Parkpl\u00e4tze gesetzt \u2013 ein Ansatz, der weder nachhaltig noch zukunftsorientiert ist.<\/p>\n\n\n\n<p class=\"wp-block-paragraph\"><strong>Eigentumswohnungen statt bezahlbarem Wohnraum<\/strong><\/p>\n\n\n\n<p class=\"wp-block-paragraph\">Besonders problematisch ist auch die Entscheidung des Stadtrats, dass 30 % der neuen Wohnungen im Stockwerkeigentum vergeben werden sollen. Das widerspricht meinem Anliegen, preisg\u00fcnstigen Wohnraum f\u00fcr alle zu schaffen. Die Wohnungen werden damit f\u00fcr viele Adliswiler Familien unerschwinglich, und der Bedarf an bezahlbarem Wohnraum bleibt bestehen. Statt auf Eigentum f\u00fcr wenige zu setzen, sollten wir uns darauf konzentrieren, leistbaren Wohnraum f\u00fcr eine breite Bev\u00f6lkerungsschicht zu schaffen.<\/p>\n\n\n\n<p class=\"wp-block-paragraph\"><strong>Adliswil verdient ein besseres Projekt<\/strong><\/p>\n\n\n\n<p class=\"wp-block-paragraph\">Das Projekt Rifertstrasse wird unser Stadtbild f\u00fcr Jahrzehnte pr\u00e4gen. Es ist daher wichtig, dass wir uns die Zeit nehmen, die beste L\u00f6sung zu finden \u2013 nicht die schnellste. Wir brauchen ein Projekt, das nicht nur nachhaltigen Wohnraum schafft, sondern auch den sozialen Zusammenhalt f\u00f6rdert, die Verkehrsproblematik ernst nimmt und f\u00fcr alle erschwinglich ist. Adliswil verdient mehr als das, was aktuell auf dem Tisch liegt.<\/p>\n\n\n\n<p class=\"wp-block-paragraph\">Deshalb stimme ich am 24. November zweimal Nein zur Rifertstrasse \u2013 f\u00fcr ein besseres Projekt, das Adliswil wirklich voranbringt.<\/p>\n","protected":false},"excerpt":{"rendered":"<p>Warum ich am 24. November Nein zur Rifertstrasse stimme Als Gemeinderat von Adliswil ist es mir ein grosses Anliegen das Wohl unserer Gemeinde langfristig zu sichern. Am 24. November steht die Abstimmung \u00fcber den Gestaltungsplan Rifertstrasse an. Nach eingehender Pr\u00fcfung bin ich zur \u00dcberzeugung gelangt, dass dieses Projekt in seiner aktuellen Form nicht das Beste [&hellip;]<\/p>\n","protected":false},"author":1,"featured_media":113,"comment_status":"open","ping_status":"open","sticky":false,"template":"","format":"standard","meta":{"_et_pb_use_builder":"off","_et_pb_old_content":"","_et_gb_content_width":"","footnotes":""},"categories":[1],"tags":[],"class_list":["post-112","post","type-post","status-publish","format-standard","has-post-thumbnail","hentry","category-uncategorized"],"yoast_head":"<!-- This site is optimized with the Yoast SEO plugin v23.8 - https:\/\/yoast.com\/wordpress\/plugins\/seo\/ -->\n<title>Rifertstrasse 2x NEIN - Gabriel M\u00e4der<\/title>\n<meta name=\"robots\" content=\"index, follow, max-snippet:-1, max-image-preview:large, max-video-preview:-1\" \/>\n<link rel=\"canonical\" href=\"https:\/\/gabriel-maeder.ch\/?p=112\" \/>\n<meta property=\"og:locale\" content=\"de_DE\" \/>\n<meta property=\"og:type\" content=\"article\" \/>\n<meta property=\"og:title\" content=\"Rifertstrasse 2x NEIN - Gabriel M\u00e4der\" \/>\n<meta property=\"og:description\" content=\"Warum ich am 24. November Nein zur Rifertstrasse stimme Als Gemeinderat von Adliswil ist es mir ein grosses Anliegen das Wohl unserer Gemeinde langfristig zu sichern. Am 24. November steht die Abstimmung \u00fcber den Gestaltungsplan Rifertstrasse an. Nach eingehender Pr\u00fcfung bin ich zur \u00dcberzeugung gelangt, dass dieses Projekt in seiner aktuellen Form nicht das Beste [&hellip;]\" \/>\n<meta property=\"og:url\" content=\"https:\/\/gabriel-maeder.ch\/?p=112\" \/>\n<meta property=\"og:site_name\" content=\"Gabriel M\u00e4der\" \/>\n<meta property=\"article:published_time\" content=\"2024-11-12T15:36:15+00:00\" \/>\n<meta property=\"article:modified_time\" content=\"2024-11-14T14:25:43+00:00\" \/>\n<meta property=\"og:image\" content=\"https:\/\/gabriel-maeder.ch\/wp-content\/uploads\/2024\/11\/RifertstrasseNein.jpg\" \/>\n\t<meta property=\"og:image:width\" content=\"776\" \/>\n\t<meta property=\"og:image:height\" content=\"1200\" \/>\n\t<meta property=\"og:image:type\" content=\"image\/jpeg\" \/>\n<meta name=\"author\" content=\"admin\" \/>\n<meta name=\"twitter:card\" content=\"summary_large_image\" \/>\n<meta name=\"twitter:label1\" content=\"Verfasst von\" \/>\n\t<meta name=\"twitter:data1\" content=\"admin\" \/>\n\t<meta name=\"twitter:label2\" content=\"Gesch\u00e4tzte Lesezeit\" \/>\n\t<meta name=\"twitter:data2\" content=\"3\u00a0Minuten\" \/>\n<script type=\"application\/ld+json\" class=\"yoast-schema-graph\">{\"@context\":\"https:\/\/schema.org\",\"@graph\":[{\"@type\":\"WebPage\",\"@id\":\"https:\/\/gabriel-maeder.ch\/?p=112\",\"url\":\"https:\/\/gabriel-maeder.ch\/?p=112\",\"name\":\"Rifertstrasse 2x NEIN - Gabriel M\u00e4der\",\"isPartOf\":{\"@id\":\"https:\/\/gabriel-maeder.ch\/#website\"},\"primaryImageOfPage\":{\"@id\":\"https:\/\/gabriel-maeder.ch\/?p=112#primaryimage\"},\"image\":{\"@id\":\"https:\/\/gabriel-maeder.ch\/?p=112#primaryimage\"},\"thumbnailUrl\":\"https:\/\/gabriel-maeder.ch\/wp-content\/uploads\/2024\/11\/RifertstrasseNein.jpg\",\"datePublished\":\"2024-11-12T15:36:15+00:00\",\"dateModified\":\"2024-11-14T14:25:43+00:00\",\"author\":{\"@id\":\"https:\/\/gabriel-maeder.ch\/#\/schema\/person\/aac62c8357d977cbac4b881a54f3b8f6\"},\"breadcrumb\":{\"@id\":\"https:\/\/gabriel-maeder.ch\/?p=112#breadcrumb\"},\"inLanguage\":\"de\",\"potentialAction\":[{\"@type\":\"ReadAction\",\"target\":[\"https:\/\/gabriel-maeder.ch\/?p=112\"]}]},{\"@type\":\"ImageObject\",\"inLanguage\":\"de\",\"@id\":\"https:\/\/gabriel-maeder.ch\/?p=112#primaryimage\",\"url\":\"https:\/\/gabriel-maeder.ch\/wp-content\/uploads\/2024\/11\/RifertstrasseNein.jpg\",\"contentUrl\":\"https:\/\/gabriel-maeder.ch\/wp-content\/uploads\/2024\/11\/RifertstrasseNein.jpg\",\"width\":776,\"height\":1200},{\"@type\":\"BreadcrumbList\",\"@id\":\"https:\/\/gabriel-maeder.ch\/?p=112#breadcrumb\",\"itemListElement\":[{\"@type\":\"ListItem\",\"position\":1,\"name\":\"Startseite\",\"item\":\"https:\/\/gabriel-maeder.ch\/\"},{\"@type\":\"ListItem\",\"position\":2,\"name\":\"Rifertstrasse 2x NEIN\"}]},{\"@type\":\"WebSite\",\"@id\":\"https:\/\/gabriel-maeder.ch\/#website\",\"url\":\"https:\/\/gabriel-maeder.ch\/\",\"name\":\"Gabriel M\u00e4der\",\"description\":\"GLP\",\"alternateName\":\"Gabriel Maeder\",\"potentialAction\":[{\"@type\":\"SearchAction\",\"target\":{\"@type\":\"EntryPoint\",\"urlTemplate\":\"https:\/\/gabriel-maeder.ch\/?s={search_term_string}\"},\"query-input\":{\"@type\":\"PropertyValueSpecification\",\"valueRequired\":true,\"valueName\":\"search_term_string\"}}],\"inLanguage\":\"de\"},{\"@type\":\"Person\",\"@id\":\"https:\/\/gabriel-maeder.ch\/#\/schema\/person\/aac62c8357d977cbac4b881a54f3b8f6\",\"name\":\"admin\",\"image\":{\"@type\":\"ImageObject\",\"inLanguage\":\"de\",\"@id\":\"https:\/\/gabriel-maeder.ch\/#\/schema\/person\/image\/\",\"url\":\"https:\/\/secure.gravatar.com\/avatar\/b57174c42aa658da9e6b3fb27484de20ded578e0ed3a7165ddbf102f3585445a?s=96&d=mm&r=g\",\"contentUrl\":\"https:\/\/secure.gravatar.com\/avatar\/b57174c42aa658da9e6b3fb27484de20ded578e0ed3a7165ddbf102f3585445a?s=96&d=mm&r=g\",\"caption\":\"admin\"},\"sameAs\":[\"https:\/\/gabriel-maeder.ch\"],\"url\":\"https:\/\/gabriel-maeder.ch\/?author=1\"}]}<\/script>\n<!-- \/ Yoast SEO plugin. -->","yoast_head_json":{"title":"Rifertstrasse 2x NEIN - Gabriel M\u00e4der","robots":{"index":"index","follow":"follow","max-snippet":"max-snippet:-1","max-image-preview":"max-image-preview:large","max-video-preview":"max-video-preview:-1"},"canonical":"https:\/\/gabriel-maeder.ch\/?p=112","og_locale":"de_DE","og_type":"article","og_title":"Rifertstrasse 2x NEIN - Gabriel M\u00e4der","og_description":"Warum ich am 24. November Nein zur Rifertstrasse stimme Als Gemeinderat von Adliswil ist es mir ein grosses Anliegen das Wohl unserer Gemeinde langfristig zu sichern. Am 24. November steht die Abstimmung \u00fcber den Gestaltungsplan Rifertstrasse an. Nach eingehender Pr\u00fcfung bin ich zur \u00dcberzeugung gelangt, dass dieses Projekt in seiner aktuellen Form nicht das Beste [&hellip;]","og_url":"https:\/\/gabriel-maeder.ch\/?p=112","og_site_name":"Gabriel M\u00e4der","article_published_time":"2024-11-12T15:36:15+00:00","article_modified_time":"2024-11-14T14:25:43+00:00","og_image":[{"width":776,"height":1200,"url":"https:\/\/gabriel-maeder.ch\/wp-content\/uploads\/2024\/11\/RifertstrasseNein.jpg","type":"image\/jpeg"}],"author":"admin","twitter_card":"summary_large_image","twitter_misc":{"Verfasst von":"admin","Gesch\u00e4tzte Lesezeit":"3\u00a0Minuten"},"schema":{"@context":"https:\/\/schema.org","@graph":[{"@type":"WebPage","@id":"https:\/\/gabriel-maeder.ch\/?p=112","url":"https:\/\/gabriel-maeder.ch\/?p=112","name":"Rifertstrasse 2x NEIN - Gabriel M\u00e4der","isPartOf":{"@id":"https:\/\/gabriel-maeder.ch\/#website"},"primaryImageOfPage":{"@id":"https:\/\/gabriel-maeder.ch\/?p=112#primaryimage"},"image":{"@id":"https:\/\/gabriel-maeder.ch\/?p=112#primaryimage"},"thumbnailUrl":"https:\/\/gabriel-maeder.ch\/wp-content\/uploads\/2024\/11\/RifertstrasseNein.jpg","datePublished":"2024-11-12T15:36:15+00:00","dateModified":"2024-11-14T14:25:43+00:00","author":{"@id":"https:\/\/gabriel-maeder.ch\/#\/schema\/person\/aac62c8357d977cbac4b881a54f3b8f6"},"breadcrumb":{"@id":"https:\/\/gabriel-maeder.ch\/?p=112#breadcrumb"},"inLanguage":"de","potentialAction":[{"@type":"ReadAction","target":["https:\/\/gabriel-maeder.ch\/?p=112"]}]},{"@type":"ImageObject","inLanguage":"de","@id":"https:\/\/gabriel-maeder.ch\/?p=112#primaryimage","url":"https:\/\/gabriel-maeder.ch\/wp-content\/uploads\/2024\/11\/RifertstrasseNein.jpg","contentUrl":"https:\/\/gabriel-maeder.ch\/wp-content\/uploads\/2024\/11\/RifertstrasseNein.jpg","width":776,"height":1200},{"@type":"BreadcrumbList","@id":"https:\/\/gabriel-maeder.ch\/?p=112#breadcrumb","itemListElement":[{"@type":"ListItem","position":1,"name":"Startseite","item":"https:\/\/gabriel-maeder.ch\/"},{"@type":"ListItem","position":2,"name":"Rifertstrasse 2x NEIN"}]},{"@type":"WebSite","@id":"https:\/\/gabriel-maeder.ch\/#website","url":"https:\/\/gabriel-maeder.ch\/","name":"Gabriel M\u00e4der","description":"GLP","alternateName":"Gabriel Maeder","potentialAction":[{"@type":"SearchAction","target":{"@type":"EntryPoint","urlTemplate":"https:\/\/gabriel-maeder.ch\/?s={search_term_string}"},"query-input":{"@type":"PropertyValueSpecification","valueRequired":true,"valueName":"search_term_string"}}],"inLanguage":"de"},{"@type":"Person","@id":"https:\/\/gabriel-maeder.ch\/#\/schema\/person\/aac62c8357d977cbac4b881a54f3b8f6","name":"admin","image":{"@type":"ImageObject","inLanguage":"de","@id":"https:\/\/gabriel-maeder.ch\/#\/schema\/person\/image\/","url":"https:\/\/secure.gravatar.com\/avatar\/b57174c42aa658da9e6b3fb27484de20ded578e0ed3a7165ddbf102f3585445a?s=96&d=mm&r=g","contentUrl":"https:\/\/secure.gravatar.com\/avatar\/b57174c42aa658da9e6b3fb27484de20ded578e0ed3a7165ddbf102f3585445a?s=96&d=mm&r=g","caption":"admin"},"sameAs":["https:\/\/gabriel-maeder.ch"],"url":"https:\/\/gabriel-maeder.ch\/?author=1"}]}},"_links":{"self":[{"href":"https:\/\/gabriel-maeder.ch\/index.php?rest_route=\/wp\/v2\/posts\/112","targetHints":{"allow":["GET"]}}],"collection":[{"href":"https:\/\/gabriel-maeder.ch\/index.php?rest_route=\/wp\/v2\/posts"}],"about":[{"href":"https:\/\/gabriel-maeder.ch\/index.php?rest_route=\/wp\/v2\/types\/post"}],"author":[{"embeddable":true,"href":"https:\/\/gabriel-maeder.ch\/index.php?rest_route=\/wp\/v2\/users\/1"}],"replies":[{"embeddable":true,"href":"https:\/\/gabriel-maeder.ch\/index.php?rest_route=%2Fwp%2Fv2%2Fcomments&post=112"}],"version-history":[{"count":3,"href":"https:\/\/gabriel-maeder.ch\/index.php?rest_route=\/wp\/v2\/posts\/112\/revisions"}],"predecessor-version":[{"id":124,"href":"https:\/\/gabriel-maeder.ch\/index.php?rest_route=\/wp\/v2\/posts\/112\/revisions\/124"}],"wp:featuredmedia":[{"embeddable":true,"href":"https:\/\/gabriel-maeder.ch\/index.php?rest_route=\/wp\/v2\/media\/113"}],"wp:attachment":[{"href":"https:\/\/gabriel-maeder.ch\/index.php?rest_route=%2Fwp%2Fv2%2Fmedia&parent=112"}],"wp:term":[{"taxonomy":"category","embeddable":true,"href":"https:\/\/gabriel-maeder.ch\/index.php?rest_route=%2Fwp%2Fv2%2Fcategories&post=112"},{"taxonomy":"post_tag","embeddable":true,"href":"https:\/\/gabriel-maeder.ch\/index.php?rest_route=%2Fwp%2Fv2%2Ftags&post=112"}],"curies":[{"name":"wp","href":"https:\/\/api.w.org\/{rel}","templated":true}]}}